[{"@context":"https:\/\/schema.org\/","@type":"Article","@id":"https:\/\/www.fillau.sk\/o-tom-ako-sa-moda-vracia\/#Article","mainEntityOfPage":"https:\/\/www.fillau.sk\/o-tom-ako-sa-moda-vracia\/","headline":"O tom, ako sa m\u00f3da vracia","name":"O tom, ako sa m\u00f3da vracia","description":"Oble\u010denie, ktor\u00e9 sme si mysleli \u017ee vy\u0161lo z m\u00f3dy Je zasa sp\u00e4\u0165 a ne\u010daka\u0165 na ni\u010d in\u00e9, len na to ako si ho zasa k\u00fapite a zamilujete sa do\u0148. Pam\u00e4t\u00e1te si na tie \u010dasy, ke\u010f si vyhadzovali o star\u00e9 oble\u010denie a ve\u013ea z k\u00faskov ste jednoducho vyhodili s vedom\u00edm, \u017ee u\u017e ich ur\u010dite \u017eivote nebudete [&hellip;]","datePublished":"2018-12-24","dateModified":"2023-04-28","author":{"@type":"Person","@id":"https:\/\/www.fillau.sk\/author\/#Person","name":"","url":"https:\/\/www.fillau.sk\/author\/","identifier":1,"image":{"@type":"ImageObject","@id":"https:\/\/secure.gravatar.com\/avatar\/a4f7f6499f3b2a0764d0773f1f5d74780987cfbea7e736c0e74f6185bb257971?s=96&d=mm&r=g","url":"https:\/\/secure.gravatar.com\/avatar\/a4f7f6499f3b2a0764d0773f1f5d74780987cfbea7e736c0e74f6185bb257971?s=96&d=mm&r=g","height":96,"width":96}},"publisher":{"@type":"Organization","name":"fillau.sk","logo":{"@type":"ImageObject","@id":"\/logo.png","url":"\/logo.png","width":600,"height":60}},"image":{"@type":"ImageObject","@id":"https:\/\/www.fillau.sk\/wp-content\/uploads\/img_a297289_w16750_t1551002486.jpg","url":"https:\/\/www.fillau.sk\/wp-content\/uploads\/img_a297289_w16750_t1551002486.jpg","height":0,"width":0},"url":"https:\/\/www.fillau.sk\/o-tom-ako-sa-moda-vracia\/","wordCount":413,"articleBody":"Oble\u010denie, ktor\u00e9 sme si mysleli \u017ee vy\u0161lo z m\u00f3dy Je zasa sp\u00e4\u0165 a ne\u010daka\u0165 na ni\u010d in\u00e9, len na to ako si ho zasa k\u00fapite a zamilujete sa do\u0148. Pam\u00e4t\u00e1te si na tie \u010dasy, ke\u010f si vyhadzovali o star\u00e9 oble\u010denie a ve\u013ea z k\u00faskov ste jednoducho vyhodili s vedom\u00edm, \u017ee u\u017e ich ur\u010dite \u017eivote nebudete potrebova\u0165? A nestalo sa v\u00e1m \u010dasto tie\u017e aj to, \u017ee ste posledn\u00fdch d\u0148och za\u010dali \u013eutova\u0165 a tr\u00fachlivo spom\u00edna\u0165 na k\u00fasky, ktor\u00e9 ste vyhodili, a uvedomili ste si, \u017ee by ste ich radi videli sp\u00e4\u0165 vo va\u0161om \u0161atn\u00edku?\t\tM\u00f3da sa jednoducho vracia! V\u017edy to tak bolo \u2013 v\u017edy to tak bude. Preto si poriadne premyslite, ke\u010f budete nabud\u00face triedi\u0165 va\u0161e m\u00f3dne skvosty ktor\u00fd z nich si ponech\u00e1te a naopak ktor\u00fd nav\u017edy pochov\u00e1te. Mo\u017eno to je t\u00fdm, \u017ee dne\u0161n\u00e1 doba u\u017e naozaj nevie kam by smerovala.\u00a0\t\tAlebo to jednoducho len t\u00fdm, \u017ee dne\u0161n\u00fd mlad\u00ed \u013eudia si za\u010d\u00ednaj\u00fa uvedomova\u0165, \u017ee \u010dasy v minul\u00fdch storo\u010diach boli ove\u013ea lep\u0161ie a to ist\u00e9 plat\u00ed aj pre m\u00f3dne trendy a vychyt\u00e1vky. A mo\u017eno s\u00fa to pr\u00e1ve va\u0161e i boli z mlad\u0161\u00edch storo\u010d\u00ed, ktor\u00e9 si vo va\u0161ich srdciach vybudovali ve\u013emi siln\u00e9 a nezamenite\u013en\u00e9 miesta, a pr\u00e1ve oni v\u00e1s in\u0161piruj\u00fa k tomu, aby v\u00e1\u0161 m\u00f3dny vkus smeroval rad\u0161ej sp\u00e4\u0165 do t\u00fdchto zlat\u00fdch \u010dias.\u00a0\t\tNech u\u017e je to tak \u010di onak, v ka\u017edom pr\u00edpade som z\u00e1stancom n\u00e1zoru, \u017ee nielen m\u00f3da je to, \u010do bolo v minul\u00fdch storo\u010diach ove\u013ea lep\u0161ie ako je v s\u00fa\u010dasn\u00fdch. Oble\u010denie bolo kvalitnej\u0161ie, pevnej\u0161ie, zauj\u00edmavej\u0161ie. \u013dudia si to ve\u013emi uvedomuj\u00fa, \u017ee v\u0161etko to \u010do u\u017e raz bolo vymyslen\u00e9 a bolo to vynikaj\u00face (aj ke\u010f to bolo d\u00e1vno), nikdy nezomiera.\u00a0\t\tMo\u017eno patr\u00edte pr\u00e1ve medzi \u013eud\u00ed, ktor\u00fdm sa to \u017ee sa star\u00e9 veci vracaj\u00fa sp\u00e4\u0165 do v\u00fdslnia nepozd\u00e1va. Ak m\u00e1te tak\u00fdto n\u00e1zor nemus\u00edte tieto trendy ktor\u00e9 sa sp\u00e4\u0165 vracaj\u00fa absol\u00fatne akceptova\u0165, av\u0161ak zamyslite sa nad t\u00fdm ak\u00e1 je podstata cel\u00e9ho tohto navr\u00e1tenia a nebr\u00e1nte \u013eu\u010fom ktor\u00ed s n\u00edm s\u00fahlasia, aby tak u\u010dinili.                                                                                                                                                                                                                                                                                                                                                                                                "},{"@context":"https:\/\/schema.org\/","@type":"BreadcrumbList","itemListElement":[{"@type":"ListItem","position":1,"name":"O tom, ako sa m\u00f3da vracia","item":"https:\/\/www.fillau.sk\/o-tom-ako-sa-moda-vracia\/#breadcrumbitem"}]}]