[{"@context":"https:\/\/schema.org\/","@type":"Article","@id":"https:\/\/www.fillau.sk\/ked-kadernicke-sluzby-pomahaju\/#Article","mainEntityOfPage":"https:\/\/www.fillau.sk\/ked-kadernicke-sluzby-pomahaju\/","headline":"Ke\u010f kadern\u00edcke slu\u017eby pom\u00e1haj\u00fa","name":"Ke\u010f kadern\u00edcke slu\u017eby pom\u00e1haj\u00fa","description":"Ka\u017ed\u00e1 mami\u010dka si pam\u00e4t\u00e1 na prv\u00e9 dni so svoj\u00edm b\u00e1b\u00e4tkom. S\u00fa tak kr\u00e1sne ale z\u00e1rove\u0148 n\u00e1ro\u010dn\u00e9. Ako by v\u0161ak kadern\u00edcke slu\u017eby mohli pom\u00f4c\u0165 mladej mami\u010dke v\u00a0boji s\u00a0pop\u00f4rodnou depresiou? Starostlivos\u0165 o\u00a0mal\u00e9ho \u010dlovie\u010dika vie by\u0165 dobre n\u00e1ro\u010dn\u00e1. Najm\u00e4 ak je na neho mami\u010dka v\u00e4\u010d\u0161inu d\u0148a sama. (Samozrejme otecko pracuje, aby zabezpe\u010dil rodinu a\u00a0star\u00e9 mamy s\u00fa \u010faleko.) A\u00a0ve\u010dern\u00fdm [&hellip;]","datePublished":"2019-05-25","dateModified":"2023-04-28","author":{"@type":"Person","@id":"https:\/\/www.fillau.sk\/author\/#Person","name":"","url":"https:\/\/www.fillau.sk\/author\/","identifier":1,"image":{"@type":"ImageObject","@id":"https:\/\/secure.gravatar.com\/avatar\/a4f7f6499f3b2a0764d0773f1f5d74780987cfbea7e736c0e74f6185bb257971?s=96&d=mm&r=g","url":"https:\/\/secure.gravatar.com\/avatar\/a4f7f6499f3b2a0764d0773f1f5d74780987cfbea7e736c0e74f6185bb257971?s=96&d=mm&r=g","height":96,"width":96}},"publisher":{"@type":"Organization","name":"fillau.sk","logo":{"@type":"ImageObject","@id":"\/logo.png","url":"\/logo.png","width":600,"height":60}},"image":{"@type":"ImageObject","@id":"https:\/\/www.fillau.sk\/wp-content\/uploads\/img_a303418_w2029_t1563992858.jpg","url":"https:\/\/www.fillau.sk\/wp-content\/uploads\/img_a303418_w2029_t1563992858.jpg","height":0,"width":0},"url":"https:\/\/www.fillau.sk\/ked-kadernicke-sluzby-pomahaju\/","wordCount":523,"articleBody":"Ka\u017ed\u00e1 mami\u010dka si pam\u00e4t\u00e1 na prv\u00e9 dni so svoj\u00edm b\u00e1b\u00e4tkom. S\u00fa tak kr\u00e1sne ale z\u00e1rove\u0148 n\u00e1ro\u010dn\u00e9. Ako by v\u0161ak kadern\u00edcke slu\u017eby mohli pom\u00f4c\u0165 mladej mami\u010dke v\u00a0boji s\u00a0pop\u00f4rodnou depresiou?Starostlivos\u0165 o\u00a0mal\u00e9ho \u010dlovie\u010dika vie by\u0165 dobre n\u00e1ro\u010dn\u00e1. Najm\u00e4 ak je na neho mami\u010dka v\u00e4\u010d\u0161inu d\u0148a sama. (Samozrejme otecko pracuje, aby zabezpe\u010dil rodinu a\u00a0star\u00e9 mamy s\u00fa \u010faleko.) A\u00a0ve\u010dern\u00fdm uspat\u00edm to z\u010faleka nekon\u010d\u00ed. Najm\u00e4 \u010derstv\u00e1 rodi\u010dka tak m\u00f4\u017ee by\u0165 nevyspat\u00e1 a\u00a0vy\u010derpan\u00e1. Neraz sa stane, \u017ee polku d\u0148a str\u00e1vi v\u00a0py\u017eame, neupraven\u00e1, neu\u010desan\u00e1, len aby sa postarala o\u00a0svoje b\u00e1b\u00e4tko. Ke\u010f si u\u017e drobec vytvor\u00ed s\u00a0maminkou ist\u00fd harmonogram a\u00a0ubehne minim\u00e1lne \u0161estonedelie, doprajte jej mil\u00fd oteckovia chv\u00ed\u013eu oddychu. Mo\u017eno by si pr\u00e1ve rada sko\u010dila na kozmetiku alebo kadern\u00ed\u010dke. Nielen\u017ee si tro\u0161ku odd\u00fdchne, ale bude sa po tejto n\u00e1v\u0161teve c\u00edti\u0165 upraven\u00e1, pr\u00ed\u0165a\u017eliv\u00e1, ako znovuzroden\u00e1. V\u0161etky hormon\u00e1lne zmeny sa podp\u00ed\u0161u na pleti, nechtoch a\u00a0vlasoch, nehovoriac o\u00a0celom \u017eenskom tele.Nemus\u00ed to by\u0165 v\u0161ak len o\u00a0upravenom vzh\u013eade, skr\u00e1ten\u00fdch po\u0161koden\u00fdch korienkoch, ale odstrihnut\u00e9 vlasy m\u00f4\u017eu i\u00a0pom\u00f4c\u0165. A\u00a0to nielen z\u00e1kazn\u00ed\u010dke sediacej v\u00a0kresle, ale aj niekomu, koho v\u00f4bec nepozn\u00e1te. Bojuj\u00facemu s\u00a0\u0165a\u017ekou chorobou. Nezriedka onkologick\u00fdch pacientov. Ka\u017ed\u00e9ho zasko\u010d\u00ed t\u00e1to choroba nepripraven\u00fdch a\u00a0k\u00a0tomu v\u0161etk\u00e9mu lie\u010dba \u010dasto kr\u00e1t priprav\u00ed \u017eeny a\u00a0diev\u010dat\u00e1 o ich korunu kr\u00e1sy. \u0164a\u017eko sa zn\u00e1\u0161a fyzick\u00e1 boles\u0165, prich\u00e1dzaj\u00fa obavy a\u00a0strach z\u00a0bud\u00facnosti a\u00a0ani poh\u013ead do zrkadla nepote\u0161\u00ed. Nakoniec to pr\u00edde a\u017e k\u00a0momentu, kedy je aspo\u0148 na nejak\u00fd \u010das potrebn\u00e9 zak\u00fapi\u0165 paroch\u0148u. Pre niekoho je to v\u0161ak popri v\u00fddavkoch na lie\u010dbu, lieky, pr\u00edpadne starostlivos\u0165 o\u00a0bl\u00edzkeho (mnoho kr\u00e1t aj strata jedn\u00e9ho pr\u00edjmu) finan\u010dne n\u00e1ro\u010dn\u00e9 e\u0161te investova\u0165 aj do n\u00e1hrady vlastn\u00fdch vlasov.Preto aj prostredn\u00edctvom Ligy proti rakovine a\u00a0projektu \u201eVystrihaj sa Slovensko\u201c dok\u00e1\u017eu sprostredkova\u0165 pomoc onkologick\u00fdm pacientkam formou parochne z\u00a0pr\u00edrodn\u00fdch vlasov.Tak ak sa ob\u00e1vate, \u017ee v\u00e1m po p\u00f4rode vplyvom ve\u013ekej hormon\u00e1lnej zmeny za\u010dn\u00fa vo ve\u013ekom vypad\u00e1va\u0165 vlasy,\u00a0chcete pred\u00eds\u0165 tomuto stavu a\u00a0sama sa necha\u0165 ostriha\u0165 (i mo\u017eno z\u00a0praktick\u00e9ho d\u00f4vodu), pouva\u017eujte, \u010di ich d\u013a\u017eka by nebola vhodn\u00e1 na podarovanie pr\u00e1ve na paroch\u0148u. Pom\u00f4\u017eete tak niekomu v\u00a0psychickom boji s\u00a0\u0165a\u017ekou chorobou. Vlasy musia ma\u0165 40 cm, nefarben\u00e9 (pr\u00edpadne len jemn\u00e9 svetl\u00e9 odtiene) a\u00a0je jedno, \u010di s\u00fa d\u00e1mske, p\u00e1nske, detsk\u00e9 alebo pre\u0161ediven\u00e9. Predstavte si ak\u00fa rados\u0165 urobia tak\u00e9mu mal\u00e9mu diev\u010datku, ke\u010f na hl\u00e1vke nemus\u00ed ma\u0165 len \u0161atku, \u010di in\u00fa prikr\u00fdvku, ale i\u00a0vl\u00e1sky podobn\u00e9 t\u00fdm, ktor\u00e9 mala kedysi sama.                                                                                                                                                                                                                                                                                                                                                                                                "},{"@context":"https:\/\/schema.org\/","@type":"BreadcrumbList","itemListElement":[{"@type":"ListItem","position":1,"name":"Ke\u010f kadern\u00edcke slu\u017eby pom\u00e1haj\u00fa","item":"https:\/\/www.fillau.sk\/ked-kadernicke-sluzby-pomahaju\/#breadcrumbitem"}]}]